{"id":978,"date":"2023-05-13T07:36:34","date_gmt":"2023-05-13T05:36:34","guid":{"rendered":"http:\/\/juerges.eimuth.de\/?p=978"},"modified":"2023-05-13T13:48:41","modified_gmt":"2023-05-13T11:48:41","slug":"irmtraud-juerges-kiessling-katharina-und-jan-fotos","status":"publish","type":"post","link":"https:\/\/www.familie-juerges.de\/?p=978","title":{"rendered":"Irmtraud J\u00fcrges-Kie\u00dfling, Katharina und Jan (Fotos)"},"content":{"rendered":"\n<figure class=\"wp-block-image size-large\"><a href=\"https:\/\/www.familie-juerges.de\/wp-content\/uploads\/2023\/05\/1977-Kirchentag-Berlin-Irmtraud-Juerges-Kiesslin-im-Versorgungszelt-Ausschnitt.jpg\"><img loading=\"lazy\" decoding=\"async\" width=\"584\" height=\"615\" src=\"https:\/\/www.familie-juerges.de\/wp-content\/uploads\/2023\/05\/1977-Kirchentag-Berlin-Irmtraud-Juerges-Kiesslin-im-Versorgungszelt-Ausschnitt.jpg\" alt=\"\" class=\"wp-image-979\" srcset=\"https:\/\/www.familie-juerges.de\/wp-content\/uploads\/2023\/05\/1977-Kirchentag-Berlin-Irmtraud-Juerges-Kiesslin-im-Versorgungszelt-Ausschnitt.jpg 584w, https:\/\/www.familie-juerges.de\/wp-content\/uploads\/2023\/05\/1977-Kirchentag-Berlin-Irmtraud-Juerges-Kiesslin-im-Versorgungszelt-Ausschnitt-285x300.jpg 285w\" sizes=\"auto, (max-width: 584px) 100vw, 584px\" \/><\/a><\/figure>\n\n\n\n<p>Irmtrtaud Kie\u00dfling (sp\u00e4tere J\u00fcrges-Kie\u00dfling) auf dem Kirchentag in Berlin 1977  Foto: Eimuth<\/p>\n\n\n\n<figure class=\"wp-block-image size-large is-resized\"><a href=\"https:\/\/www.familie-juerges.de\/wp-content\/uploads\/2023\/05\/1983_59-scaled.jpg\"><img loading=\"lazy\" decoding=\"async\" src=\"https:\/\/www.familie-juerges.de\/wp-content\/uploads\/2023\/05\/1983_59-1024x655.jpg\" alt=\"\" class=\"wp-image-980\" width=\"670\" height=\"428\" srcset=\"https:\/\/www.familie-juerges.de\/wp-content\/uploads\/2023\/05\/1983_59-1024x655.jpg 1024w, https:\/\/www.familie-juerges.de\/wp-content\/uploads\/2023\/05\/1983_59-300x192.jpg 300w, https:\/\/www.familie-juerges.de\/wp-content\/uploads\/2023\/05\/1983_59-768x491.jpg 768w, https:\/\/www.familie-juerges.de\/wp-content\/uploads\/2023\/05\/1983_59-1536x982.jpg 1536w, https:\/\/www.familie-juerges.de\/wp-content\/uploads\/2023\/05\/1983_59-2048x1310.jpg 2048w\" sizes=\"auto, (max-width: 670px) 100vw, 670px\" \/><\/a><figcaption>Irmtraud J\u00fcrges Kie\u00dfling mit Katharina 1983 Foto: Eimuth<\/figcaption><\/figure>\n\n\n\n<figure class=\"wp-block-image size-large\"><a href=\"https:\/\/www.familie-juerges.de\/wp-content\/uploads\/2023\/05\/1983_April08.jpg\"><img loading=\"lazy\" decoding=\"async\" width=\"1024\" height=\"842\" src=\"https:\/\/www.familie-juerges.de\/wp-content\/uploads\/2023\/05\/1983_April08-1024x842.jpg\" alt=\"\" class=\"wp-image-981\" srcset=\"https:\/\/www.familie-juerges.de\/wp-content\/uploads\/2023\/05\/1983_April08-1024x842.jpg 1024w, https:\/\/www.familie-juerges.de\/wp-content\/uploads\/2023\/05\/1983_April08-300x247.jpg 300w, https:\/\/www.familie-juerges.de\/wp-content\/uploads\/2023\/05\/1983_April08-768x632.jpg 768w, https:\/\/www.familie-juerges.de\/wp-content\/uploads\/2023\/05\/1983_April08.jpg 1498w\" sizes=\"auto, (max-width: 1024px) 100vw, 1024px\" \/><\/a><\/figure>\n\n\n\n<p>Katharina 1983 Foto: Eimuth<\/p>\n\n\n\n<figure class=\"wp-block-image size-large\"><a href=\"https:\/\/www.familie-juerges.de\/wp-content\/uploads\/2023\/05\/1983-katharina-Ausschnitt.jpg\"><img loading=\"lazy\" decoding=\"async\" width=\"710\" height=\"1024\" src=\"https:\/\/www.familie-juerges.de\/wp-content\/uploads\/2023\/05\/1983-katharina-Ausschnitt-710x1024.jpg\" alt=\"\" class=\"wp-image-982\" srcset=\"https:\/\/www.familie-juerges.de\/wp-content\/uploads\/2023\/05\/1983-katharina-Ausschnitt-710x1024.jpg 710w, https:\/\/www.familie-juerges.de\/wp-content\/uploads\/2023\/05\/1983-katharina-Ausschnitt-208x300.jpg 208w, https:\/\/www.familie-juerges.de\/wp-content\/uploads\/2023\/05\/1983-katharina-Ausschnitt-768x1107.jpg 768w, https:\/\/www.familie-juerges.de\/wp-content\/uploads\/2023\/05\/1983-katharina-Ausschnitt-1066x1536.jpg 1066w, https:\/\/www.familie-juerges.de\/wp-content\/uploads\/2023\/05\/1983-katharina-Ausschnitt.jpg 1352w\" sizes=\"auto, (max-width: 710px) 100vw, 710px\" \/><\/a><figcaption>Irmtraus J\u00fcrges-Kie\u00dfling mit Katharina 1983   Foto: Eimuth<\/figcaption><\/figure>\n\n\n\n<figure class=\"wp-block-image size-large is-resized\"><a href=\"https:\/\/www.familie-juerges.de\/wp-content\/uploads\/2023\/05\/1981_Standesamt_25-scaled.jpg\"><img loading=\"lazy\" decoding=\"async\" src=\"https:\/\/www.familie-juerges.de\/wp-content\/uploads\/2023\/05\/1981_Standesamt_25-1024x695.jpg\" alt=\"\" class=\"wp-image-983\" width=\"670\" height=\"454\" srcset=\"https:\/\/www.familie-juerges.de\/wp-content\/uploads\/2023\/05\/1981_Standesamt_25-1024x695.jpg 1024w, https:\/\/www.familie-juerges.de\/wp-content\/uploads\/2023\/05\/1981_Standesamt_25-300x204.jpg 300w, https:\/\/www.familie-juerges.de\/wp-content\/uploads\/2023\/05\/1981_Standesamt_25-768x521.jpg 768w, https:\/\/www.familie-juerges.de\/wp-content\/uploads\/2023\/05\/1981_Standesamt_25-1536x1043.jpg 1536w, https:\/\/www.familie-juerges.de\/wp-content\/uploads\/2023\/05\/1981_Standesamt_25-2048x1390.jpg 2048w\" sizes=\"auto, (max-width: 670px) 100vw, 670px\" \/><\/a><figcaption>Irmtraud J\u00fcrges-Kie\u00dfling mit Kurt-Helmuth Eimuth  Foto: Privat 1981<\/figcaption><\/figure>\n\n\n\n<figure class=\"wp-block-image size-large\"><a href=\"https:\/\/www.familie-juerges.de\/wp-content\/uploads\/2023\/05\/Feld-am-See__04-Ausschnitt-scaled.jpg\"><img loading=\"lazy\" decoding=\"async\" width=\"1024\" height=\"565\" src=\"https:\/\/www.familie-juerges.de\/wp-content\/uploads\/2023\/05\/Feld-am-See__04-Ausschnitt-1024x565.jpg\" alt=\"\" class=\"wp-image-984\" srcset=\"https:\/\/www.familie-juerges.de\/wp-content\/uploads\/2023\/05\/Feld-am-See__04-Ausschnitt-1024x565.jpg 1024w, https:\/\/www.familie-juerges.de\/wp-content\/uploads\/2023\/05\/Feld-am-See__04-Ausschnitt-300x166.jpg 300w, https:\/\/www.familie-juerges.de\/wp-content\/uploads\/2023\/05\/Feld-am-See__04-Ausschnitt-768x424.jpg 768w, https:\/\/www.familie-juerges.de\/wp-content\/uploads\/2023\/05\/Feld-am-See__04-Ausschnitt-1536x847.jpg 1536w, https:\/\/www.familie-juerges.de\/wp-content\/uploads\/2023\/05\/Feld-am-See__04-Ausschnitt-2048x1130.jpg 2048w\" sizes=\"auto, (max-width: 1024px) 100vw, 1024px\" \/><\/a><figcaption>Irmtraud Kie\u00dfling (J\u00fcrges) Kurt-Helmuth Eimuth mit Jan in Feld am See 1979<\/figcaption><\/figure>\n\n\n\n<figure class=\"wp-block-image size-large is-resized\"><a href=\"https:\/\/www.familie-juerges.de\/wp-content\/uploads\/2023\/05\/Gesine-und-Katharina.jpg\"><img loading=\"lazy\" decoding=\"async\" src=\"https:\/\/www.familie-juerges.de\/wp-content\/uploads\/2023\/05\/Gesine-und-Katharina.jpg\" alt=\"\" class=\"wp-image-1003\" width=\"651\" height=\"488\" srcset=\"https:\/\/www.familie-juerges.de\/wp-content\/uploads\/2023\/05\/Gesine-und-Katharina.jpg 400w, https:\/\/www.familie-juerges.de\/wp-content\/uploads\/2023\/05\/Gesine-und-Katharina-300x225.jpg 300w\" sizes=\"auto, (max-width: 651px) 100vw, 651px\" \/><\/a><figcaption>Gesine und Katharina<\/figcaption><\/figure>\n\n\n\n<figure class=\"wp-block-image size-large\"><a href=\"https:\/\/www.familie-juerges.de\/wp-content\/uploads\/2023\/05\/Jan.jpg\"><img loading=\"lazy\" decoding=\"async\" width=\"630\" height=\"1024\" src=\"https:\/\/www.familie-juerges.de\/wp-content\/uploads\/2023\/05\/Jan-630x1024.jpg\" alt=\"\" class=\"wp-image-1005\" srcset=\"https:\/\/www.familie-juerges.de\/wp-content\/uploads\/2023\/05\/Jan-630x1024.jpg 630w, https:\/\/www.familie-juerges.de\/wp-content\/uploads\/2023\/05\/Jan-185x300.jpg 185w, https:\/\/www.familie-juerges.de\/wp-content\/uploads\/2023\/05\/Jan-768x1248.jpg 768w, https:\/\/www.familie-juerges.de\/wp-content\/uploads\/2023\/05\/Jan-945x1536.jpg 945w, https:\/\/www.familie-juerges.de\/wp-content\/uploads\/2023\/05\/Jan.jpg 1218w\" sizes=\"auto, (max-width: 630px) 100vw, 630px\" \/><\/a><figcaption>Jan  Foto: Eimuth<\/figcaption><\/figure>\n","protected":false},"excerpt":{"rendered":"<p>Irmtrtaud Kie\u00dfling (sp\u00e4tere J\u00fcrges-Kie\u00dfling) auf dem Kirchentag in Berlin 1977 Foto: Eimuth Katharina 1983 Foto: Eimuth<\/p>\n","protected":false},"author":1,"featured_media":0,"comment_status":"open","ping_status":"open","sticky":false,"template":"","format":"standard","meta":{"footnotes":""},"categories":[11],"tags":[38,33,34,35,37],"class_list":["post-978","post","type-post","status-publish","format-standard","hentry","category-bilder","tag-irmtraud-juerges-kiessling","tag-jan","tag-katharina","tag-kurt-helmuth-eimuth","tag-marion-eimuth"],"_links":{"self":[{"href":"https:\/\/www.familie-juerges.de\/index.php?rest_route=\/wp\/v2\/posts\/978","targetHints":{"allow":["GET"]}}],"collection":[{"href":"https:\/\/www.familie-juerges.de\/index.php?rest_route=\/wp\/v2\/posts"}],"about":[{"href":"https:\/\/www.familie-juerges.de\/index.php?rest_route=\/wp\/v2\/types\/post"}],"author":[{"embeddable":true,"href":"https:\/\/www.familie-juerges.de\/index.php?rest_route=\/wp\/v2\/users\/1"}],"replies":[{"embeddable":true,"href":"https:\/\/www.familie-juerges.de\/index.php?rest_route=%2Fwp%2Fv2%2Fcomments&post=978"}],"version-history":[{"count":2,"href":"https:\/\/www.familie-juerges.de\/index.php?rest_route=\/wp\/v2\/posts\/978\/revisions"}],"predecessor-version":[{"id":1006,"href":"https:\/\/www.familie-juerges.de\/index.php?rest_route=\/wp\/v2\/posts\/978\/revisions\/1006"}],"wp:attachment":[{"href":"https:\/\/www.familie-juerges.de\/index.php?rest_route=%2Fwp%2Fv2%2Fmedia&parent=978"}],"wp:term":[{"taxonomy":"category","embeddable":true,"href":"https:\/\/www.familie-juerges.de\/index.php?rest_route=%2Fwp%2Fv2%2Fcategories&post=978"},{"taxonomy":"post_tag","embeddable":true,"href":"https:\/\/www.familie-juerges.de\/index.php?rest_route=%2Fwp%2Fv2%2Ftags&post=978"}],"curies":[{"name":"wp","href":"https:\/\/api.w.org\/{rel}","templated":true}]}}